{"id":28,"date":"2019-07-07T21:38:06","date_gmt":"2019-07-07T19:38:06","guid":{"rendered":"http:\/\/drk-marienau.de\/?p=28"},"modified":"2019-07-07T21:47:23","modified_gmt":"2019-07-07T19:47:23","slug":"ferienpass-2019","status":"publish","type":"post","link":"http:\/\/drk-marienau.de\/?p=28","title":{"rendered":"++ Ferienpass 2019 ++"},"content":{"rendered":"\n<p>Ein wildes Wochenende im Jahr hat schon Jahrzehnte Tradition&#8230;<\/p>\n\n\n\n<p><br>Das erste Ferienwochenende ist die Ferienpassaktion des DRK Marienau und des Jugendrotkreuz Marienau in den R\u00e4umen der Bereitschaft. Von Samstag auf Sonntag hatten Schulkinder zwischen 6-14 Jahren aus dem Raum Coppenbr\u00fcgge und Emmerthal die M\u00f6glichkeit ein ganzes Wochenende die vielen Facetten des DRK-Katastrophenschutzes zu erleben.<\/p>\n\n\n\n<p>Sie durchliefen in Kleingruppen die Haupt- Fachbereiche mit kleinen Aufgaben. Im Bereich Technik und Sicherheit erlernten die Kinder die Wichtigkeit im Umgang mit Licht und Kabeln. Im Bereich Sanit\u00e4t erlernten die Kinder Verb\u00e4nde und den spielerischen Umgang mit der Ersten Hilfe. Im Bereich Verpflegung durften die Kinder gemeinsam die Verpflegung vorbereiten und im Rahmen der Krisenintervention wurde auch hier ein kleiner Einblick gegeben.<\/p>\n\n\n\n<p>Das spielerisches Heranf\u00fchren an diese Aufgaben baut \u00c4ngste ab und st\u00e4rkt das Selbstbewusstsein kleiner Helfer. Mit viel Motivation haben unsere \u201egro\u00dfen\u201c Helfer mit der Unterst\u00fctzung des Jugendrotkreuz Marienau dieses Wochenende mit den Kindern gestaltet. Kaputt, aber gl\u00fccklich ging am Sonntagnachmittag nach einer gro\u00dfen Abschluss\u00fcbung das erfolgreiche Wochenende zu Ende.<br><\/p>\n\n\n\n<p>An dieser Stelle sagen wir auch Danke: an die motivierten Helfer, an die tollen zuk\u00fcnftigen Helfer und auch f\u00fcr die vielen positiven R\u00fcckmeldungen der Eltern, die uns schon erreichten.<br>Schaut euch das Video an.&nbsp;<\/p>\n\n\n\n<p>Ist Katastrophenschutz etwas, was euch interessiert???&nbsp;<br>Schaut vorbei. Ab 15 Jahren als junger Helfer, ab 16 Jahren als aktives Mitglied f\u00fcr die Bereitschaft &#8211; dort findet der Dienstabend immer Freitags ab 20.00 Uhr statt.<\/p>\n\n\n\n<p>Das Jugendrotkreuz tritt sich zur n\u00e4chsten Gruppenstunde am 23.8.19 von 16.30-18.00 Uhr in den R\u00e4umen der Bereitschaft in der Auhagenstrasse 66a in Marienau.\u00a0<br>#drkmarienau #drkweserbergland #gemeinsamstark #ehrenamt #katastrophenschutz<\/p>\n\n\n\n<p>Ein Video von der Abschluss\u00fcbung k\u00f6nnt ihr rechts sehen.<\/p>\n","protected":false},"excerpt":{"rendered":"<p>Ein wildes Wochenende im Jahr hat schon Jahrzehnte Tradition&#8230; Das erste Ferienwochenende ist die Ferienpassaktion des DRK Marienau und des Jugendrotkreuz Marienau in den R\u00e4umen der Bereitschaft. Von Samstag auf Sonntag hatten Schulkinder zwischen 6-14 Jahren aus dem Raum Coppenbr\u00fcgge &hellip; <a href=\"http:\/\/drk-marienau.de\/?p=28\">Weiterlesen <span class=\"meta-nav\">&rarr;<\/span><\/a><\/p>\n","protected":false},"author":1,"featured_media":0,"comment_status":"open","ping_status":"open","sticky":false,"template":"","format":"standard","meta":{"spay_email":""},"categories":[11],"tags":[12,15,14,13],"jetpack_featured_media_url":"","_links":{"self":[{"href":"http:\/\/drk-marienau.de\/index.php?rest_route=\/wp\/v2\/posts\/28"}],"collection":[{"href":"http:\/\/drk-marienau.de\/index.php?rest_route=\/wp\/v2\/posts"}],"about":[{"href":"http:\/\/drk-marienau.de\/index.php?rest_route=\/wp\/v2\/types\/post"}],"author":[{"embeddable":true,"href":"http:\/\/drk-marienau.de\/index.php?rest_route=\/wp\/v2\/users\/1"}],"replies":[{"embeddable":true,"href":"http:\/\/drk-marienau.de\/index.php?rest_route=%2Fwp%2Fv2%2Fcomments&post=28"}],"version-history":[{"count":3,"href":"http:\/\/drk-marienau.de\/index.php?rest_route=\/wp\/v2\/posts\/28\/revisions"}],"predecessor-version":[{"id":33,"href":"http:\/\/drk-marienau.de\/index.php?rest_route=\/wp\/v2\/posts\/28\/revisions\/33"}],"wp:attachment":[{"href":"http:\/\/drk-marienau.de\/index.php?rest_route=%2Fwp%2Fv2%2Fmedia&parent=28"}],"wp:term":[{"taxonomy":"category","embeddable":true,"href":"http:\/\/drk-marienau.de\/index.php?rest_route=%2Fwp%2Fv2%2Fcategories&post=28"},{"taxonomy":"post_tag","embeddable":true,"href":"http:\/\/drk-marienau.de\/index.php?rest_route=%2Fwp%2Fv2%2Ftags&post=28"}],"curies":[{"name":"wp","href":"https:\/\/api.w.org\/{rel}","templated":true}]}}