{"id":68,"date":"2019-09-02T21:30:32","date_gmt":"2019-09-02T19:30:32","guid":{"rendered":"http:\/\/drk-marienau.de\/?p=68"},"modified":"2019-09-03T07:08:04","modified_gmt":"2019-09-03T05:08:04","slug":"alarm-rettungsdienst-bereitstellung","status":"publish","type":"post","link":"http:\/\/drk-marienau.de\/?p=68","title":{"rendered":"ALARM Rettungsdienst Bereitstellung"},"content":{"rendered":"\n<p>45-84-2 RTW2&gt;&gt;&gt; Bereitstellung FW: Emmerthal Grohnde F\u00e4hranleger Grohnde        * Bereitstellung f\u00fcr Tauchereinsatz, PKW in Weser  22:28:01 01.09.2019<\/p>\n\n\n\n<p>Um 22:28 wurde unser Allrad-RTW zu einer Bereitstellung f\u00fcr einen Tauchereinsatz in der Weser alarmiert. Zus\u00e4tzlich zu unserem RTW r\u00fcckte auch der Einsatzf\u00fchrungsdienst DRK zu dem Einsatz mit aus.<\/p>\n\n\n\n<p>Das Navigationsger\u00e4t eines ortsunkundigen Autofahrers hat diesen in die Weser gef\u00fchrt. Der Fahrer konnte sich selber ans Ufer retten. Die vor Ort eingesetzten Feuerwehren zogen das Auto an die B\u00f6schung der Weser. Von dort wurde es mit Unterst\u00fctzung des THW an Land verbracht.<\/p>\n\n\n\n<p>Der Einsatz war f\u00fcr uns um 01:15 beendet.<\/p>\n\n\n\n<p>Vor Ort im Einsatz waren die FF Kirchohsen, FF Grohnde, FF Hajen, FF Hameln Tauchergruppe, das THW OV Hameln und die Polizei Weserbergland.<\/p>\n\n\n\n<ul class=\"wp-block-gallery columns-4 is-cropped\"><li class=\"blocks-gallery-item\"><figure><img loading=\"lazy\" width=\"1024\" height=\"768\" src=\"http:\/\/drk-marienau.de\/wp-content\/uploads\/2019\/09\/2019_09_01_1-1024x768.jpeg\" alt=\"\" data-id=\"90\" data-link=\"http:\/\/drk-marienau.de\/?attachment_id=90\" class=\"wp-image-90\" srcset=\"http:\/\/drk-marienau.de\/wp-content\/uploads\/2019\/09\/2019_09_01_1.jpeg 1024w, http:\/\/drk-marienau.de\/wp-content\/uploads\/2019\/09\/2019_09_01_1-300x225.jpeg 300w, http:\/\/drk-marienau.de\/wp-content\/uploads\/2019\/09\/2019_09_01_1-768x576.jpeg 768w\" sizes=\"(max-width: 1024px) 100vw, 1024px\" \/><\/figure><\/li><li class=\"blocks-gallery-item\"><figure><img loading=\"lazy\" width=\"768\" height=\"1024\" src=\"http:\/\/drk-marienau.de\/wp-content\/uploads\/2019\/09\/2019_09_01_4-768x1024.jpeg\" alt=\"\" data-id=\"95\" data-link=\"http:\/\/drk-marienau.de\/?attachment_id=95\" class=\"wp-image-95\" srcset=\"http:\/\/drk-marienau.de\/wp-content\/uploads\/2019\/09\/2019_09_01_4-768x1024.jpeg 768w, http:\/\/drk-marienau.de\/wp-content\/uploads\/2019\/09\/2019_09_01_4-225x300.jpeg 225w, http:\/\/drk-marienau.de\/wp-content\/uploads\/2019\/09\/2019_09_01_4.jpeg 1200w\" sizes=\"(max-width: 768px) 100vw, 768px\" \/><\/figure><\/li><li class=\"blocks-gallery-item\"><figure><img loading=\"lazy\" width=\"1024\" height=\"768\" src=\"http:\/\/drk-marienau.de\/wp-content\/uploads\/2019\/09\/2019_09_01_5-1024x768.jpeg\" alt=\"\" data-id=\"96\" data-link=\"http:\/\/drk-marienau.de\/?attachment_id=96\" class=\"wp-image-96\" srcset=\"http:\/\/drk-marienau.de\/wp-content\/uploads\/2019\/09\/2019_09_01_5-1024x768.jpeg 1024w, http:\/\/drk-marienau.de\/wp-content\/uploads\/2019\/09\/2019_09_01_5-300x225.jpeg 300w, http:\/\/drk-marienau.de\/wp-content\/uploads\/2019\/09\/2019_09_01_5-768x576.jpeg 768w, http:\/\/drk-marienau.de\/wp-content\/uploads\/2019\/09\/2019_09_01_5.jpeg 1600w\" sizes=\"(max-width: 1024px) 100vw, 1024px\" \/><\/figure><\/li><li class=\"blocks-gallery-item\"><figure><img loading=\"lazy\" width=\"768\" height=\"1024\" src=\"http:\/\/drk-marienau.de\/wp-content\/uploads\/2019\/09\/2019_09_01_7-768x1024.jpeg\" alt=\"\" data-id=\"98\" data-link=\"http:\/\/drk-marienau.de\/?attachment_id=98\" class=\"wp-image-98\" srcset=\"http:\/\/drk-marienau.de\/wp-content\/uploads\/2019\/09\/2019_09_01_7-768x1024.jpeg 768w, http:\/\/drk-marienau.de\/wp-content\/uploads\/2019\/09\/2019_09_01_7-225x300.jpeg 225w, http:\/\/drk-marienau.de\/wp-content\/uploads\/2019\/09\/2019_09_01_7.jpeg 1200w\" sizes=\"(max-width: 768px) 100vw, 768px\" \/><\/figure><\/li><\/ul>\n","protected":false},"excerpt":{"rendered":"<p>45-84-2 RTW2&gt;&gt;&gt; Bereitstellung FW: Emmerthal Grohnde F\u00e4hranleger Grohnde * Bereitstellung f\u00fcr Tauchereinsatz, PKW in Weser 22:28:01 01.09.2019 Um 22:28 wurde unser Allrad-RTW zu einer Bereitstellung f\u00fcr einen Tauchereinsatz in der Weser alarmiert. Zus\u00e4tzlich zu unserem RTW r\u00fcckte auch der Einsatzf\u00fchrungsdienst &hellip; <a href=\"http:\/\/drk-marienau.de\/?p=68\">Weiterlesen <span class=\"meta-nav\">&rarr;<\/span><\/a><\/p>\n","protected":false},"author":1,"featured_media":0,"comment_status":"open","ping_status":"open","sticky":false,"template":"","format":"standard","meta":{"spay_email":""},"categories":[6,3],"tags":[16,12,29,28,19],"jetpack_featured_media_url":"","_links":{"self":[{"href":"http:\/\/drk-marienau.de\/index.php?rest_route=\/wp\/v2\/posts\/68"}],"collection":[{"href":"http:\/\/drk-marienau.de\/index.php?rest_route=\/wp\/v2\/posts"}],"about":[{"href":"http:\/\/drk-marienau.de\/index.php?rest_route=\/wp\/v2\/types\/post"}],"author":[{"embeddable":true,"href":"http:\/\/drk-marienau.de\/index.php?rest_route=\/wp\/v2\/users\/1"}],"replies":[{"embeddable":true,"href":"http:\/\/drk-marienau.de\/index.php?rest_route=%2Fwp%2Fv2%2Fcomments&post=68"}],"version-history":[{"count":6,"href":"http:\/\/drk-marienau.de\/index.php?rest_route=\/wp\/v2\/posts\/68\/revisions"}],"predecessor-version":[{"id":104,"href":"http:\/\/drk-marienau.de\/index.php?rest_route=\/wp\/v2\/posts\/68\/revisions\/104"}],"wp:attachment":[{"href":"http:\/\/drk-marienau.de\/index.php?rest_route=%2Fwp%2Fv2%2Fmedia&parent=68"}],"wp:term":[{"taxonomy":"category","embeddable":true,"href":"http:\/\/drk-marienau.de\/index.php?rest_route=%2Fwp%2Fv2%2Fcategories&post=68"},{"taxonomy":"post_tag","embeddable":true,"href":"http:\/\/drk-marienau.de\/index.php?rest_route=%2Fwp%2Fv2%2Ftags&post=68"}],"curies":[{"name":"wp","href":"https:\/\/api.w.org\/{rel}","templated":true}]}}